{"id":13686,"date":"2025-09-10T20:00:17","date_gmt":"2025-09-10T20:00:17","guid":{"rendered":"https:\/\/www.atelier-kuehn-loewe.de\/?p=13686"},"modified":"2025-09-17T07:51:57","modified_gmt":"2025-09-17T07:51:57","slug":"ungerahmt-art","status":"publish","type":"post","link":"https:\/\/www.atelier-kuehn-loewe.de\/en\/2025\/09\/ungerahmt-art\/","title":{"rendered":"ungerahmt.art"},"content":{"rendered":"<div class=\"wpb-content-wrapper\"><div class=\"vc_row wpb_row vc_row-fluid vc_custom_1653855825692 vc_row-has-fill\"><div class=\"wpb_column vc_column_container vc_col-sm-12\"><div class=\"vc_column-inner\"><div class=\"wpb_wrapper\">\n\t<div class=\"wpb_text_column wpb_content_element\" >\n\t\t<div class=\"wpb_wrapper\">\n\t\t\t<p style=\"font-weight: 400;\"><strong>Das studio KuDu l\u00e4dt ein zur Ausstellung \u00bbungerahmt.art\u00ab nach D\u00fcsseldorf-Flingern!<\/strong><\/p>\n<ol start=\"10\">\n<li style=\"font-weight: 400;\">\u2013 19. Oktober 2025<\/li>\n<\/ol>\n<p style=\"font-weight: 400;\"><strong>Papierarbeiten im kleinen Format<\/strong><\/p>\n<p style=\"font-weight: 400;\">40 K\u00fcnstlerinnen und K\u00fcnstler zeigen, was auf Papier alles m\u00f6glich ist: klein im Format \u2013 gro\u00df in der Wirkung. Bewusst ungerahmt. Nah, offen, unmittelbar.<\/p>\n<p style=\"font-weight: 400;\"><strong>Vernissage:<\/strong><\/p>\n<p style=\"font-weight: 400;\">Freitag, 10. Oktober 2025, ab 18 Uhr<br \/>\nDie Einf\u00fchrung um 19 Uhr h\u00e4lt Dr. Wolfgang St\u00f6cker, K\u00f6lner K\u00fcnstler, Kunsthistoriker und Gr\u00fcnder des legend\u00e4ren Staubarchivs K\u00f6ln.<\/p>\n<p style=\"font-weight: 400;\"><strong>Finissage:<\/strong><\/p>\n<p style=\"font-weight: 400;\">Sonntag, 19. Oktober 2025, 15 Uhr<\/p>\n<p style=\"font-weight: 400;\"><strong>Organisation &amp; Kuratierung:<\/strong><\/p>\n<p style=\"font-weight: 400;\">Bettina Guckler &amp; Thomas Klingberg<\/p>\n<p style=\"font-weight: 400;\"><strong>Ort:<\/strong><\/p>\n<p style=\"font-weight: 400;\"><a href=\"https:\/\/ungerahmt.art\/#ausstellung2025\">studio KuDu<\/a><br \/>\nHubbelrather Str. 2, 40233 D\u00fcsseldorf<\/p>\n<p style=\"font-weight: 400;\"><strong>\u00d6ffnungszeiten:<\/strong><\/p>\n<p style=\"font-weight: 400;\">Freitag: 16:00 \u2013 19:00 Uhr<br \/>\nSamstag &amp; Sonntag: 15:00 \u2013 18:00 Uhr<\/p>\n\n\t\t<\/div>\n\t<\/div>\n<\/div><\/div><\/div><\/div><div class=\"vc_row wpb_row vc_row-fluid vc_custom_1653855832687 vc_row-has-fill vc_row-o-content-middle vc_row-flex\"><div class=\"wpb_column vc_column_container vc_col-sm-12\"><div class=\"vc_column-inner\"><div class=\"wpb_wrapper\"><div class=\"vc_separator wpb_content_element vc_separator_align_center vc_sep_width_100 vc_sep_border_width_3 vc_sep_pos_align_center vc_sep_color_grey wpb_content_element vc_separator-has-text\" ><span class=\"vc_sep_holder vc_sep_holder_l\"><span class=\"vc_sep_line\"><\/span><\/span><h4>ArtWork<\/h4><span class=\"vc_sep_holder vc_sep_holder_r\"><span class=\"vc_sep_line\"><\/span><\/span>\n<\/div>\n\t<div class=\"wpb_text_column wpb_content_element\" >\n\t\t<div class=\"wpb_wrapper\">\n\t\t\t<p>Ruth K\u00fchn-L\u00f6we wurde mit folgender Arbeit nominiert:<\/p>\n\n\t\t<\/div>\n\t<\/div>\n\n\t<div  class=\"wpb_single_image wpb_content_element vc_align_center wpb_content_element\">\n\t\t<h2 class=\"wpb_heading wpb_singleimage_heading\">Lebenslust<\/h2>\n\t\t<figure class=\"wpb_wrapper vc_figure\">\n\t\t\t<div class=\"vc_single_image-wrapper   vc_box_border_grey\"><img loading=\"lazy\" decoding=\"async\" width=\"800\" height=\"800\" src=\"https:\/\/www.atelier-kuehn-loewe.de\/wp-content\/uploads\/2025\/09\/RKL_M_Figur_00160-800x800.jpeg\" class=\"vc_single_image-img attachment-large\" alt=\"\" title=\"Untitled\" srcset=\"https:\/\/www.atelier-kuehn-loewe.de\/wp-content\/uploads\/2025\/09\/RKL_M_Figur_00160-800x800.jpeg 800w, https:\/\/www.atelier-kuehn-loewe.de\/wp-content\/uploads\/2025\/09\/RKL_M_Figur_00160-500x500.jpeg 500w, https:\/\/www.atelier-kuehn-loewe.de\/wp-content\/uploads\/2025\/09\/RKL_M_Figur_00160-150x150.jpeg 150w, https:\/\/www.atelier-kuehn-loewe.de\/wp-content\/uploads\/2025\/09\/RKL_M_Figur_00160.jpeg 1080w\" sizes=\"auto, (max-width: 800px) 100vw, 800px\" \/><\/div>\n\t\t<\/figure>\n\t<\/div>\n<div class=\"vc_empty_space\"   style=\"height: 32px\"><span class=\"vc_empty_space_inner\"><\/span><\/div>\n\t<div class=\"wpb_text_column wpb_content_element\" >\n\t\t<div class=\"wpb_wrapper\">\n\t\t\t<p>Wolfgang K\u00fchn wurde mit folgender Arbeit nominiert:<\/p>\n\n\t\t<\/div>\n\t<\/div>\n\n\t<div  class=\"wpb_single_image wpb_content_element vc_align_center wpb_content_element\">\n\t\t<h2 class=\"wpb_heading wpb_singleimage_heading\">Krieg-Flucht-Trauma<\/h2>\n\t\t<figure class=\"wpb_wrapper vc_figure\">\n\t\t\t<div class=\"vc_single_image-wrapper   vc_box_border_grey\"><img loading=\"lazy\" decoding=\"async\" width=\"800\" height=\"594\" src=\"https:\/\/www.atelier-kuehn-loewe.de\/wp-content\/uploads\/2025\/09\/WK_C_00004-800x594.jpg\" class=\"vc_single_image-img attachment-large\" alt=\"\" title=\"WK_C_00004\" srcset=\"https:\/\/www.atelier-kuehn-loewe.de\/wp-content\/uploads\/2025\/09\/WK_C_00004-800x594.jpg 800w, https:\/\/www.atelier-kuehn-loewe.de\/wp-content\/uploads\/2025\/09\/WK_C_00004-500x371.jpg 500w, https:\/\/www.atelier-kuehn-loewe.de\/wp-content\/uploads\/2025\/09\/WK_C_00004.jpg 1080w\" sizes=\"auto, (max-width: 800px) 100vw, 800px\" \/><\/div>\n\t\t<\/figure>\n\t<\/div>\n<div class=\"vc_empty_space\"   style=\"height: 32px\"><span class=\"vc_empty_space_inner\"><\/span><\/div><div class=\"vc_separator wpb_content_element vc_separator_align_center vc_sep_width_100 vc_sep_border_width_3 vc_sep_pos_align_center vc_sep_color_grey wpb_content_element\" ><span class=\"vc_sep_holder vc_sep_holder_l\"><span class=\"vc_sep_line\"><\/span><\/span><span class=\"vc_sep_holder vc_sep_holder_r\"><span class=\"vc_sep_line\"><\/span><\/span>\n<\/div>\n\t<div class=\"wpb_text_column wpb_content_element\" >\n\t\t<div class=\"wpb_wrapper\">\n\t\t\t<p>Hier ein paar Impressionen \u00a0&#8230;<\/p>\n\n\t\t<\/div>\n\t<\/div>\n<div id=\"ts-vcsc-image-gallery-7570691\" class=\"ts-image-gallery-wrapper ts-lightbox-nacho-frame   \" data-style=\"freewall\" data-break-parents=\"6\" data-inline=\"false\" style=\"margin-top: 6px; margin-bottom: 6px; position: relative;\"><div id=\"nachogroup7570691-title\" class=\"ts-lightbox-nacho-title\">Fotogalerie<\/div><div id=\"ts-lightbox-freewall-grid-7570691-container\" class=\"ts-lightbox-freewall-grid-container\" data-random=\"7570691\" data-width=\"250\" data-gutter=\"2\" data-gridfilter=\"true\" data-gridavailable=\"Available Groups\" data-gridselected=\"Filtered Groups\" data-gridnogroups=\"No Groups\" data-gridtoggle=\"Toggle Filter\" data-gridtogglestyle=\"ts-color-button-belize-hole-flat\" data-gridshowall=\"Show All\" data-gridshowallstyle=\"ts-color-button-green-sea-flat\" style=\"margin-top: 6px; margin-bottom: 6px;\"><\/div><\/div><div class=\"vc_empty_space\"   style=\"height: 32px\"><span class=\"vc_empty_space_inner\"><\/span><\/div><div class=\"vc_separator wpb_content_element vc_separator_align_center vc_sep_width_100 vc_sep_border_width_3 vc_sep_pos_align_center vc_sep_color_grey wpb_content_element vc_separator-has-text\" ><span class=\"vc_sep_holder vc_sep_holder_l\"><span class=\"vc_sep_line\"><\/span><\/span><h4>Ank\u00fcndigung<\/h4><span class=\"vc_sep_holder vc_sep_holder_r\"><span class=\"vc_sep_line\"><\/span><\/span>\n<\/div><\/div><\/div><\/div><\/div>\n<\/div>","protected":false},"excerpt":{"rendered":"<p>Vernissage 10. Oktober 2025 im studio KuDu<\/p>\n","protected":false},"author":2,"featured_media":13687,"comment_status":"closed","ping_status":"closed","sticky":false,"template":"","format":"standard","meta":{"site-sidebar-layout":"no-sidebar","site-content-layout":"","ast-site-content-layout":"normal-width-container","site-content-style":"unboxed","site-sidebar-style":"unboxed","ast-global-header-display":"","ast-banner-title-visibility":"","ast-main-header-display":"","ast-hfb-above-header-display":"","ast-hfb-below-header-display":"","ast-hfb-mobile-header-display":"","site-post-title":"","ast-breadcrumbs-content":"","ast-featured-img":"","footer-sml-layout":"","ast-disable-related-posts":"","theme-transparent-header-meta":"default","adv-header-id-meta":"","stick-header-meta":"","header-above-stick-meta":"","header-main-stick-meta":"","header-below-stick-meta":"","astra-migrate-meta-layouts":"set","ast-page-background-enabled":"default","ast-page-background-meta":{"desktop":{"background-color":"","background-image":"","background-repeat":"repeat","background-position":"center center","background-size":"auto","background-attachment":"scroll","background-type":"","background-media":"","overlay-type":"","overlay-color":"","overlay-opacity":"","overlay-gradient":""},"tablet":{"background-color":"","background-image":"","background-repeat":"repeat","background-position":"center center","background-size":"auto","background-attachment":"scroll","background-type":"","background-media":"","overlay-type":"","overlay-color":"","overlay-opacity":"","overlay-gradient":""},"mobile":{"background-color":"","background-image":"","background-repeat":"repeat","background-position":"center center","background-size":"auto","background-attachment":"scroll","background-type":"","background-media":"","overlay-type":"","overlay-color":"","overlay-opacity":"","overlay-gradient":""}},"ast-content-background-meta":{"desktop":{"background-color":"var(--ast-global-color-5)","background-image":"","background-repeat":"repeat","background-position":"center center","background-size":"auto","background-attachment":"scroll","background-type":"","background-media":"","overlay-type":"","overlay-color":"","overlay-opacity":"","overlay-gradient":""},"tablet":{"background-color":"var(--ast-global-color-5)","background-image":"","background-repeat":"repeat","background-position":"center center","background-size":"auto","background-attachment":"scroll","background-type":"","background-media":"","overlay-type":"","overlay-color":"","overlay-opacity":"","overlay-gradient":""},"mobile":{"background-color":"var(--ast-global-color-5)","background-image":"","background-repeat":"repeat","background-position":"center center","background-size":"auto","background-attachment":"scroll","background-type":"","background-media":"","overlay-type":"","overlay-color":"","overlay-opacity":"","overlay-gradient":""}},"footnotes":""},"categories":[106,68],"tags":[],"class_list":["post-13686","post","type-post","status-publish","format-standard","has-post-thumbnail","hentry","category-rkl_exhibition","category-wk_exhibition"],"translation":{"provider":"WPGlobus","version":"3.0.2","language":"en","enabled_languages":["de","en"],"languages":{"de":{"title":true,"content":true,"excerpt":true},"en":{"title":false,"content":false,"excerpt":false}}},"_links":{"self":[{"href":"https:\/\/www.atelier-kuehn-loewe.de\/en\/wp-json\/wp\/v2\/posts\/13686","targetHints":{"allow":["GET"]}}],"collection":[{"href":"https:\/\/www.atelier-kuehn-loewe.de\/en\/wp-json\/wp\/v2\/posts"}],"about":[{"href":"https:\/\/www.atelier-kuehn-loewe.de\/en\/wp-json\/wp\/v2\/types\/post"}],"author":[{"embeddable":true,"href":"https:\/\/www.atelier-kuehn-loewe.de\/en\/wp-json\/wp\/v2\/users\/2"}],"replies":[{"embeddable":true,"href":"https:\/\/www.atelier-kuehn-loewe.de\/en\/wp-json\/wp\/v2\/comments?post=13686"}],"version-history":[{"count":0,"href":"https:\/\/www.atelier-kuehn-loewe.de\/en\/wp-json\/wp\/v2\/posts\/13686\/revisions"}],"wp:featuredmedia":[{"embeddable":true,"href":"https:\/\/www.atelier-kuehn-loewe.de\/en\/wp-json\/wp\/v2\/media\/13687"}],"wp:attachment":[{"href":"https:\/\/www.atelier-kuehn-loewe.de\/en\/wp-json\/wp\/v2\/media?parent=13686"}],"wp:term":[{"taxonomy":"category","embeddable":true,"href":"https:\/\/www.atelier-kuehn-loewe.de\/en\/wp-json\/wp\/v2\/categories?post=13686"},{"taxonomy":"post_tag","embeddable":true,"href":"https:\/\/www.atelier-kuehn-loewe.de\/en\/wp-json\/wp\/v2\/tags?post=13686"}],"curies":[{"name":"wp","href":"https:\/\/api.w.org\/{rel}","templated":true}]}}